{"id":154,"date":"2012-01-19T17:43:08","date_gmt":"2012-01-19T16:43:08","guid":{"rendered":"http:\/\/fs1.tv\/?p=154"},"modified":"2025-03-22T19:15:34","modified_gmt":"2025-03-22T18:15:34","slug":"fs1-einladung-1-meeting-fur-programm-macherinnen-community-fernsehen-salzburg-27-1-2012-19h-argekultur-studio","status":"publish","type":"post","link":"https:\/\/blog.fs1.tv\/fs1-old\/2012\/01\/19\/fs1-einladung-1-meeting-fur-programm-macherinnen-community-fernsehen-salzburg-27-1-2012-19h-argekultur-studio\/","title":{"rendered":"FS1: Einladung 1. Meeting f\u00fcr Programm-MacherInnen Community Fernsehen Salzburg &#8211; 27.1.2012 &#8211; 19h, ARGEkultur-Studio"},"content":{"rendered":"<p><strong>FS1: Einladung 1. Meeting Programm-MacherInnen Community Fernsehen Salzburg\u00a0<\/strong><br \/>\n<strong>Freitag, 27.1.2012 &#8211; 19h<\/strong><br \/>\n<strong>ARGEkultur Studio<\/strong><!--more--><\/p>\n<p>Liebe Freunde und Interessierte von FS1,<br \/>\nEs ist soweit: der Start des neuen Community TVs ist fix, und das Projekt wurde in einer Pressekonferenz diese Woche der \u00d6ffentlichkeit vorgestellt.<br \/>\n<a href=\"https:\/\/radiofabrik.at\/news\/pressegespraech-fs1-start-des-ersten-freien-fernsehsenders-in-salzburg\/\">https:\/\/radiofabrik.at\/news\/pressegespraech-fs1-start-des-ersten-freien-fernsehsenders-in-salzburg\/<\/a><\/p>\n<p><strong>Einige Presseberichte dazu:<\/strong><br \/>\nSN<br \/>\n<a href=\"http:\/\/www.salzburg.com\/online\/salzburg\/tennengau\/Freier-TV-Sender-FS1-ab-Februar-in-Salzburg.html?article=eGMmOI8VgrrACnjLhs0evsgToeoTKtz9VHNHP6z&amp;img=&amp;text=&amp;mode=\">http:\/\/www.salzburg.com\/online\/salzburg\/tennengau\/Freier-TV-Sender-FS1-ab-Februar-in-Salzburg.html?article=eGMmOI8VgrrACnjLhs0evsgToeoTKtz9VHNHP6z&amp;img=&amp;text=&amp;mode=<\/a><br \/>\nDer Standard<br \/>\n<a href=\"http:\/\/derstandard.at\/1326503016351\/Ab-Februar-Freier-TV-Sender-FS1-startet-in-Salzburg\">http:\/\/derstandard.at\/1326503016351\/Ab-Februar-Freier-TV-Sender-FS1-startet-in-Salzburg<\/a><br \/>\nORF<br \/>\n<a href=\"http:\/\/salzburg.orf.at\/news\/stories\/2517375\/\">http:\/\/salzburg.orf.at\/news\/stories\/2517375\/<\/a><br \/>\nDrehpunkt Kultur<br \/>\n<a href=\"http:\/\/www.drehpunktkultur.at\/index.php?option=com_content&amp;view=article&amp;id=3962:mitte-februar-gehts-wirklich-los-&amp;catid=154:medien&amp;Itemid=172\">http:\/\/www.drehpunktkultur.at\/index.php?option=com_content&amp;view=article&amp;id=3962:mitte-februar-gehts-wirklich-los-&amp;catid=154:medien&amp;Itemid=172<\/a><\/p>\n<p>Jetzt geht es um <strong>Dich<\/strong>!<br \/>\nIn einem ersten UserInnentreffen<br \/>\n<strong>am Freitag, dem 27.1. im &#8222;Studio ARGEkultur (Keller)&#8220; um 19h<\/strong><br \/>\nwird es erstmals um das zuk\u00fcnftige Programm und um die SendungsmacherInnen gehen.<\/p>\n<p>Wir m\u00f6chten Euch \u00fcber folgendes direkt informieren, und mit Euch zum Beispiel diskutieren<br \/>\n&#8211; Was passiert wann?<br \/>\n&#8211; Wie kannst Du helfen?<br \/>\n&#8211; Wann gibt es ein Studio?<br \/>\n&#8211; Wann beginnt die Ausbildung?<br \/>\n&#8211; Was kannst Du jetzt schon tun, und was k\u00f6nnen wir f\u00fcr dich jetzt schon tun?<br \/>\nund so weiter.<\/p>\n<p>Wir m\u00f6chten die Zeit, bis das TV-Studio im Mai fertig sein wird, n\u00fctzen. Und Dir schon jetzt m\u00f6glichst viele Infos aus erster Hand zukommen lassen.<\/p>\n<p>Im Namen des Teams und des Fernsehens, das Du sein wirst<\/p>\n<p><em>Weitere Infos:<\/em><br \/>\n<em>Facebook<\/em><br \/>\n<em><a href=\"http:\/\/de-de.facebook.com\/FS1.CommunityTV.Salzburg\">http:\/\/de-de.facebook.com\/FS1.CommunityTV.Salzburg<\/a><\/em><br \/>\n<em>Flickr<\/em><br \/>\n<em><a href=\"http:\/\/www.flickr.com\/photos\/radiofabrik\/sets\/72157623690738252\/\">http:\/\/www.flickr.com\/photos\/radiofabrik\/sets\/72157623690738252\/<\/a><\/em><\/p>\n","protected":false},"excerpt":{"rendered":"<p>FS1: Einladung 1. Meeting Programm-MacherInnen Community Fernsehen Salzburg\u00a0 Freitag, 27.1.2012 &#8211; 19h ARGEkultur Studio<\/p>\n","protected":false},"author":2,"featured_media":457,"comment_status":"open","ping_status":"open","sticky":false,"template":"","format":"standard","meta":{"footnotes":""},"categories":[9435],"tags":[],"class_list":["post-154","post","type-post","status-publish","format-standard","has-post-thumbnail","hentry","category-programm"],"_links":{"self":[{"href":"https:\/\/blog.fs1.tv\/fs1-old\/wp-json\/wp\/v2\/posts\/154","targetHints":{"allow":["GET"]}}],"collection":[{"href":"https:\/\/blog.fs1.tv\/fs1-old\/wp-json\/wp\/v2\/posts"}],"about":[{"href":"https:\/\/blog.fs1.tv\/fs1-old\/wp-json\/wp\/v2\/types\/post"}],"author":[{"embeddable":true,"href":"https:\/\/blog.fs1.tv\/fs1-old\/wp-json\/wp\/v2\/users\/2"}],"replies":[{"embeddable":true,"href":"https:\/\/blog.fs1.tv\/fs1-old\/wp-json\/wp\/v2\/comments?post=154"}],"version-history":[{"count":4,"href":"https:\/\/blog.fs1.tv\/fs1-old\/wp-json\/wp\/v2\/posts\/154\/revisions"}],"predecessor-version":[{"id":458,"href":"https:\/\/blog.fs1.tv\/fs1-old\/wp-json\/wp\/v2\/posts\/154\/revisions\/458"}],"wp:featuredmedia":[{"embeddable":true,"href":"https:\/\/blog.fs1.tv\/fs1-old\/wp-json\/wp\/v2\/media\/457"}],"wp:attachment":[{"href":"https:\/\/blog.fs1.tv\/fs1-old\/wp-json\/wp\/v2\/media?parent=154"}],"wp:term":[{"taxonomy":"category","embeddable":true,"href":"https:\/\/blog.fs1.tv\/fs1-old\/wp-json\/wp\/v2\/categories?post=154"},{"taxonomy":"post_tag","embeddable":true,"href":"https:\/\/blog.fs1.tv\/fs1-old\/wp-json\/wp\/v2\/tags?post=154"}],"curies":[{"name":"wp","href":"https:\/\/api.w.org\/{rel}","templated":true}]}}