{"id":150,"date":"2012-01-14T11:53:28","date_gmt":"2012-01-14T10:53:28","guid":{"rendered":"http:\/\/fs1.tv\/?p=150"},"modified":"2025-03-22T22:41:48","modified_gmt":"2025-03-22T21:41:48","slug":"pressegesprach-fs1-start-des-ersten-freien-fernsehsenders-in-salzburg","status":"publish","type":"post","link":"https:\/\/blog.fs1.tv\/fs1-old\/2012\/01\/14\/pressegesprach-fs1-start-des-ersten-freien-fernsehsenders-in-salzburg\/","title":{"rendered":"Pressegespr\u00e4ch FS1: Start des ersten freien Fernsehsenders in Salzburg"},"content":{"rendered":"<p><strong>Einladung zum Pressegespr\u00e4ch<\/strong><br \/>\n<strong>FS1: Start des ersten freien Fernsehsenders in Salzburg<\/strong><!--more--><\/p>\n<p>Sehr geehrte Damen und Herren,<br \/>\nDachverband Salzburger Kulturst\u00e4tten, Institut f\u00fcr Medienbildung &amp; Radiofabrik m\u00f6chten zu einem Pressegespr\u00e4ch einladen:<\/p>\n<p><strong>FS1: Start des ersten freien Fernsehsenders in Salzburg<\/strong><\/p>\n<p>Di 17. J\u00e4nner 2012, 10:30<br \/>\nKunstQuartier<br \/>\nBergstr. 12<br \/>\n5020 Salzburg<\/p>\n<p>Nach Wien und Ober\u00f6sterreich entsteht in Salzburg ein nichtkommerzielles freies Community TV, welches ab Mitte Februar 2012 auf Sendung gehen wird.<\/p>\n<p>Die Vertreter der drei Tr\u00e4gergesellschaften m\u00f6chten Sie zu einem Pressegespr\u00e4ch in das k\u00fcnftige Sendestudio im KunstQuartier einladen, um Sie \u00fcber den aktuellen Stand dieses Projektes zu informieren.<\/p>\n<p>An diesem Pressegespr\u00e4ch werden Alf Altendorf (Radiofabrik), Markus Weisheitinger-Herrmann (Institut f\u00fcr Medienbildung) und Thomas Randisek (Dachverband Salzburger Kulturst\u00e4tten) f\u00fcr Ihre Fragen zur Verf\u00fcgung stehen.<\/p>\n<p>Wir w\u00fcrden uns freuen, eine\/n VertreterIn Ihrer Redaktion zu diesem Gespr\u00e4ch begr\u00fc\u00dfen zu d\u00fcrfen.<\/p>\n<p>Mit freundlichen Gr\u00fc\u00dfen!<br \/>\nAlf Altendorf \u2022 Markus Weisheitinger-Herrmann \u2022 Thomas Randisek<\/p>\n<p><a href=\"https:\/\/www.flickr.com\/photos\/fs1communitytv\/albums\/72157630545152062\/\">-&gt; Flickr-Album<\/a><\/p>\n","protected":false},"excerpt":{"rendered":"<p>Einladung zum Pressegespr\u00e4ch FS1: Start des ersten freien Fernsehsenders in Salzburg<\/p>\n","protected":false},"author":2,"featured_media":459,"comment_status":"open","ping_status":"open","sticky":false,"template":"","format":"standard","meta":{"footnotes":""},"categories":[9423],"tags":[9436,9437,9434,9438],"class_list":["post-150","post","type-post","status-publish","format-standard","has-post-thumbnail","hentry","category-presse","tag-alf-altendorf","tag-markus-weisheitinger-herrmann","tag-presse","tag-thomas-randisek"],"_links":{"self":[{"href":"https:\/\/blog.fs1.tv\/fs1-old\/wp-json\/wp\/v2\/posts\/150","targetHints":{"allow":["GET"]}}],"collection":[{"href":"https:\/\/blog.fs1.tv\/fs1-old\/wp-json\/wp\/v2\/posts"}],"about":[{"href":"https:\/\/blog.fs1.tv\/fs1-old\/wp-json\/wp\/v2\/types\/post"}],"author":[{"embeddable":true,"href":"https:\/\/blog.fs1.tv\/fs1-old\/wp-json\/wp\/v2\/users\/2"}],"replies":[{"embeddable":true,"href":"https:\/\/blog.fs1.tv\/fs1-old\/wp-json\/wp\/v2\/comments?post=150"}],"version-history":[{"count":7,"href":"https:\/\/blog.fs1.tv\/fs1-old\/wp-json\/wp\/v2\/posts\/150\/revisions"}],"predecessor-version":[{"id":473,"href":"https:\/\/blog.fs1.tv\/fs1-old\/wp-json\/wp\/v2\/posts\/150\/revisions\/473"}],"wp:featuredmedia":[{"embeddable":true,"href":"https:\/\/blog.fs1.tv\/fs1-old\/wp-json\/wp\/v2\/media\/459"}],"wp:attachment":[{"href":"https:\/\/blog.fs1.tv\/fs1-old\/wp-json\/wp\/v2\/media?parent=150"}],"wp:term":[{"taxonomy":"category","embeddable":true,"href":"https:\/\/blog.fs1.tv\/fs1-old\/wp-json\/wp\/v2\/categories?post=150"},{"taxonomy":"post_tag","embeddable":true,"href":"https:\/\/blog.fs1.tv\/fs1-old\/wp-json\/wp\/v2\/tags?post=150"}],"curies":[{"name":"wp","href":"https:\/\/api.w.org\/{rel}","templated":true}]}}